{"id":4202,"date":"2023-11-22T07:07:00","date_gmt":"2023-11-22T07:07:00","guid":{"rendered":"https:\/\/onlywoodbcn.net\/?p=4202"},"modified":"2023-12-01T07:12:31","modified_gmt":"2023-12-01T07:12:31","slug":"ebanisteria-de-muebles-a-medida-la-opcion-para-tener-piezas-hermosas-unicas-y-funcionales","status":"publish","type":"post","link":"https:\/\/onlywoodbcn.net\/ca\/ebanisteria-de-muebles-a-medida-la-opcion-para-tener-piezas-hermosas-unicas-y-funcionales\/","title":{"rendered":"Ebenisteria de mobles a mida: l&#039;opci\u00f3 per tenir peces belles, \u00faniques i funcionals"},"content":{"rendered":"<p>A l&#039;hora de comprar mobles a mida pel teu espai, qu\u00e8 \u00e9s millor: la fusteria a mida o la fusteria tradicional? Els espais necessiten peces a mesura que no nom\u00e9s llueixin genials sin\u00f3 que maximitzin la funcionalitat de lespai. En aquest sentit, \u00e9s dif\u00edcil superar un servei de <a href=\"\/ca\/trabajos\/\"><strong>ebenisteria de mobles a mida<\/strong>.<\/a><\/p>\n\n\n\n<p>Fem una ullada a alguns dels beneficis de la <strong>ebenisteria de mobles a mida<\/strong> i si \u00e9s lopci\u00f3 correcta per al seu espai.<\/p>\n\n\n<div class=\"wp-block-image\">\n<figure class=\"aligncenter size-full\"><img loading=\"lazy\" decoding=\"async\" width=\"715\" height=\"543\" src=\"https:\/\/onlywoodbcn.net\/wp-content\/uploads\/2023\/12\/chair-3274474_1280-715x543-1.jpg\" alt=\"\" class=\"wp-image-4206\" srcset=\"https:\/\/onlywoodbcn.net\/wp-content\/uploads\/2023\/12\/chair-3274474_1280-715x543-1.jpg 715w, https:\/\/onlywoodbcn.net\/wp-content\/uploads\/2023\/12\/chair-3274474_1280-715x543-1-300x228.jpg 300w, https:\/\/onlywoodbcn.net\/wp-content\/uploads\/2023\/12\/chair-3274474_1280-715x543-1-16x12.jpg 16w\" sizes=\"auto, (max-width: 715px) 100vw, 715px\" \/><\/figure>\n<\/div>\n\n\n<h2 class=\"wp-block-heading\">Ebenisteria de mobles a mida: la decisi\u00f3 ideal<\/h2>\n\n\n\n<ol class=\"wp-block-list\">\n<li><strong>Fet a mida<\/strong><\/li>\n<\/ol>\n\n\n\n<p>Els mobles que no encaixen b\u00e9 no nom\u00e9s semblen barats, sin\u00f3 que en realitat no duren tant perqu\u00e8 se sotmeten a una tensi\u00f3 innecess\u00e0ria quan s&#039;amunteguen als espais.<\/p>\n\n\n\n<p>En utilitzar un servei de <strong>ebenisteria de mobles a mida<\/strong>, els seus mobles encaixaran perfectament i tindran un aspecte professional, sense importar com de inc\u00f2mode sigui l&#039;espai.<\/p>\n\n\n\n<ol class=\"wp-block-list\" start=\"2\">\n<li><strong>Feu coincidir els mobles existents<\/strong><\/li>\n<\/ol>\n\n\n\n<p>Els mobles que no combinen s\u00f3n una altra manera f\u00e0cil de fer que una casa o un espai comercial sembli barat. Es poden fer gabinets, tocadors, prestatgeries o fins i tot superf\u00edcies de treball fetes a mida perqu\u00e8 encaixin amb els mobles existents i l&#039;estil de l&#039;espai, brindant una aparen\u00e7a perfecta.<\/p>\n\n\n\n<ol class=\"wp-block-list\" start=\"3\">\n<li><strong>Una actualitzaci\u00f3 senzilla<\/strong><\/li>\n<\/ol>\n\n\n\n<p>Si el vostre espai sembla una mica desgastat, \u00e9s possible que vulgueu comprar tots els mobles nous. Tot i aix\u00f2, aix\u00f2 pot resultar cost\u00f3s r\u00e0pidament.<\/p>\n\n\n\n<p>Una millor opci\u00f3 \u00e9s incloure diverses peces ben pensades d&#039;un servei de <strong>ebenisteria de mobles a mida<\/strong>. Aix\u00f2 far\u00e0 que tot lespai llueixi instant\u00e0niament fresc i modern, sense la necessitat de comen\u00e7ar des de zero.<\/p>\n\n\n\n<ol class=\"wp-block-list\" start=\"4\">\n<li><strong>Personalitzaci\u00f3<\/strong><\/li>\n<\/ol>\n\n\n\n<p>Si busca alguna cosa veritablement \u00fanica perqu\u00e8 el seu espai es destaqui, els serveis professionals de <strong>ebenisteria de mobles a mida<\/strong> s\u00f3n l\u00fanica opci\u00f3.<\/p>\n\n\n\n<p>Podem prendre les vostres idees i donar-vos vida utilitzant materials d&#039;alta qualitat. Les peces que creem seran \u00faniques i ajudaran a fer que el seu espai sigui \u00fanic i reflecteixi la seva personalitat.<\/p>\n\n\n\n<ol class=\"wp-block-list\" start=\"5\">\n<li><strong>L&#039;equilibri adequat<\/strong><\/li>\n<\/ol>\n\n\n\n<p>\u00c9s possible que trobeu un bell moble prefabricat en l\u00ednia que quedaria genial al seu espai, per\u00f2 que en realitat no seria tan funcional com necessita.<\/p>\n\n\n\n<p>Amb la <strong>ebenisteria de mobles a mida<\/strong>, pot dir a l&#039;equip exactament com vol que es vegi la pe\u00e7a i la funcionalitat que ha de tenir, i ells combinaran les dues coses per brindar-li els millors resultats.<\/p>\n\n\n\n<ol class=\"wp-block-list\" start=\"6\">\n<li><strong>Qualitat inigualable<\/strong><\/li>\n<\/ol>\n\n\n\n<p>La <strong>ebenisteria de mobles a mida<\/strong> est\u00e0 dissenyada per durar. Des dels millors materials fins a les darreres t\u00e8cniques de fabricaci\u00f3, els seus mobles duraran tota la vida. Estalviant-te temps i mals de cap en haver de substituir mobles desgastats en uns anys.<\/p>\n\n\n\n<p>Amb tots aquests beneficis, la pregunta final \u00e9s: val la pena els serveis professionals de <strong>ebenisteria de mobles a mida<\/strong>? La resposta curta \u00e9s s\u00ed. Si busqueu mobles bonics, \u00fanics i funcionals que durin, la <strong>ebenisteria de mobles a mida<\/strong> \u00e9s la \u00fanica opci\u00f3.<\/p>","protected":false},"excerpt":{"rendered":"<p>A l&#039;hora de comprar mobles a mida pel teu espai, qu\u00e8 \u00e9s millor: la fusteria a mida\u2026<\/p>","protected":false},"author":1,"featured_media":4207,"comment_status":"closed","ping_status":"","sticky":false,"template":"","format":"standard","meta":{"_acf_changed":false,"_kad_blocks_custom_css":"","_kad_blocks_head_custom_js":"","_kad_blocks_body_custom_js":"","_kad_blocks_footer_custom_js":"","_kadence_starter_templates_imported_post":false,"_kad_post_transparent":"","_kad_post_title":"","_kad_post_layout":"","_kad_post_sidebar_id":"","_kad_post_content_style":"","_kad_post_vertical_padding":"","_kad_post_feature":"","_kad_post_feature_position":"","_kad_post_header":false,"_kad_post_footer":false,"footnotes":""},"categories":[1],"tags":[],"class_list":["post-4202","post","type-post","status-publish","format-standard","has-post-thumbnail","hentry","category-noticias"],"acf":[],"taxonomy_info":{"category":[{"value":1,"label":"Noticias"}]},"featured_image_src_large":["https:\/\/onlywoodbcn.net\/wp-content\/uploads\/2023\/12\/carving-96088_1280-1024x682.jpg",1024,682,true],"author_info":{"display_name":"eloi","author_link":"https:\/\/onlywoodbcn.net\/ca\/author\/eloi\/"},"comment_info":0,"category_info":[{"term_id":1,"name":"Noticias","slug":"noticias","term_group":0,"term_taxonomy_id":1,"taxonomy":"category","description":"","parent":0,"count":14,"filter":"raw","cat_ID":1,"category_count":14,"category_description":"","cat_name":"Noticias","category_nicename":"noticias","category_parent":0}],"tag_info":false,"_links":{"self":[{"href":"https:\/\/onlywoodbcn.net\/ca\/wp-json\/wp\/v2\/posts\/4202","targetHints":{"allow":["GET"]}}],"collection":[{"href":"https:\/\/onlywoodbcn.net\/ca\/wp-json\/wp\/v2\/posts"}],"about":[{"href":"https:\/\/onlywoodbcn.net\/ca\/wp-json\/wp\/v2\/types\/post"}],"author":[{"embeddable":true,"href":"https:\/\/onlywoodbcn.net\/ca\/wp-json\/wp\/v2\/users\/1"}],"replies":[{"embeddable":true,"href":"https:\/\/onlywoodbcn.net\/ca\/wp-json\/wp\/v2\/comments?post=4202"}],"version-history":[{"count":3,"href":"https:\/\/onlywoodbcn.net\/ca\/wp-json\/wp\/v2\/posts\/4202\/revisions"}],"predecessor-version":[{"id":4217,"href":"https:\/\/onlywoodbcn.net\/ca\/wp-json\/wp\/v2\/posts\/4202\/revisions\/4217"}],"wp:featuredmedia":[{"embeddable":true,"href":"https:\/\/onlywoodbcn.net\/ca\/wp-json\/wp\/v2\/media\/4207"}],"wp:attachment":[{"href":"https:\/\/onlywoodbcn.net\/ca\/wp-json\/wp\/v2\/media?parent=4202"}],"wp:term":[{"taxonomy":"category","embeddable":true,"href":"https:\/\/onlywoodbcn.net\/ca\/wp-json\/wp\/v2\/categories?post=4202"},{"taxonomy":"post_tag","embeddable":true,"href":"https:\/\/onlywoodbcn.net\/ca\/wp-json\/wp\/v2\/tags?post=4202"}],"curies":[{"name":"wp","href":"https:\/\/api.w.org\/{rel}","templated":true}]}}